{"id":115,"date":"2023-04-10T17:32:24","date_gmt":"2023-04-10T17:32:24","guid":{"rendered":"https:\/\/www.tanapernetova.com\/?p=115"},"modified":"2023-04-10T17:37:57","modified_gmt":"2023-04-10T17:37:57","slug":"koncert-v-brne-2-5-2023","status":"publish","type":"post","link":"https:\/\/www.tanapernetova.com\/?p=115","title":{"rendered":"Koncert v Brn\u011b 2.5.2023"},"content":{"rendered":"\t\t<div data-elementor-type=\"wp-post\" data-elementor-id=\"115\" class=\"elementor elementor-115\">\n\t\t\t\t\t\t<section class=\"elementor-section elementor-top-section elementor-element elementor-element-9cec73a elementor-section-boxed elementor-section-height-default elementor-section-height-default\" data-id=\"9cec73a\" data-element_type=\"section\" data-e-type=\"section\">\n\t\t\t\t\t\t<div class=\"elementor-container elementor-column-gap-default\">\n\t\t\t\t\t<div class=\"elementor-column elementor-col-100 elementor-top-column elementor-element elementor-element-e4540cc\" data-id=\"e4540cc\" data-element_type=\"column\" data-e-type=\"column\">\n\t\t\t<div class=\"elementor-widget-wrap elementor-element-populated\">\n\t\t\t\t\t\t<div class=\"elementor-element elementor-element-c6a46b7 elementor-widget elementor-widget-text-editor\" data-id=\"c6a46b7\" data-element_type=\"widget\" data-e-type=\"widget\" data-widget_type=\"text-editor.default\">\n\t\t\t\t<div class=\"elementor-widget-container\">\n\t\t\t\t\t\t\t\t\t<p>V\u00e1\u017een\u00ed a mil\u00ed, dovolte mi V\u00e1s pozvat na sv\u016fj ro\u010dn\u00edkov\u00fd koncert, kter\u00fd se uskute\u010dn\u00ed 2. kv\u011btna na fakult\u011b JAMU. V programu zazn\u00ed symfonie \u010d.2 L. Vierna, &#8222;Eaux Natales&#8220; T. Escaiche aj.\u00a0<\/p>\t\t\t\t\t\t\t\t<\/div>\n\t\t\t\t<\/div>\n\t\t\t\t\t<\/div>\n\t\t<\/div>\n\t\t\t\t\t<\/div>\n\t\t<\/section>\n\t\t\t\t<section class=\"elementor-section elementor-top-section elementor-element elementor-element-0c458bd elementor-section-boxed elementor-section-height-default elementor-section-height-default\" data-id=\"0c458bd\" data-element_type=\"section\" data-e-type=\"section\">\n\t\t\t\t\t\t<div class=\"elementor-container elementor-column-gap-default\">\n\t\t\t\t\t<div class=\"elementor-column elementor-col-100 elementor-top-column elementor-element elementor-element-b9315c8\" data-id=\"b9315c8\" data-element_type=\"column\" data-e-type=\"column\">\n\t\t\t<div class=\"elementor-widget-wrap elementor-element-populated\">\n\t\t\t\t\t\t<div class=\"elementor-element elementor-element-ae00103 elementor-widget elementor-widget-image\" data-id=\"ae00103\" data-element_type=\"widget\" data-e-type=\"widget\" data-widget_type=\"image.default\">\n\t\t\t\t<div class=\"elementor-widget-container\">\n\t\t\t\t\t\t\t\t\t\t\t\t\t\t\t<img fetchpriority=\"high\" decoding=\"async\" width=\"791\" height=\"1024\" src=\"https:\/\/www.tanapernetova.com\/wp-content\/uploads\/2023\/04\/IMG_8658-791x1024.jpg\" class=\"attachment-large size-large wp-image-117\" alt=\"\" srcset=\"https:\/\/www.tanapernetova.com\/wp-content\/uploads\/2023\/04\/IMG_8658-791x1024.jpg 791w, https:\/\/www.tanapernetova.com\/wp-content\/uploads\/2023\/04\/IMG_8658-232x300.jpg 232w, https:\/\/www.tanapernetova.com\/wp-content\/uploads\/2023\/04\/IMG_8658-768x994.jpg 768w, https:\/\/www.tanapernetova.com\/wp-content\/uploads\/2023\/04\/IMG_8658-1187x1536.jpg 1187w, https:\/\/www.tanapernetova.com\/wp-content\/uploads\/2023\/04\/IMG_8658-1583x2048.jpg 1583w, https:\/\/www.tanapernetova.com\/wp-content\/uploads\/2023\/04\/IMG_8658-scaled.jpg 1978w\" sizes=\"(max-width: 791px) 100vw, 791px\" \/>\t\t\t\t\t\t\t\t\t\t\t\t\t\t\t<\/div>\n\t\t\t\t<\/div>\n\t\t\t\t\t<\/div>\n\t\t<\/div>\n\t\t\t\t\t<\/div>\n\t\t<\/section>\n\t\t\t\t<\/div>\n\t\t","protected":false},"excerpt":{"rendered":"<p>V\u00e1\u017een\u00ed a mil\u00ed, dovolte mi V\u00e1s pozvat na sv\u016fj ro\u010dn\u00edkov\u00fd koncert, kter\u00fd se uskute\u010dn\u00ed 2. kv\u011btna na fakult\u011b JAMU. V programu zazn\u00ed symfonie \u010d.2 L. Vierna, &#8222;Eaux Natales&#8220; T. Escaiche<\/p>\n<p class=\"more-link\"><a class=\"button\" href=\"https:\/\/www.tanapernetova.com\/?p=115\" class=\"readmore\">Continue reading<span class=\"screen-reader-text\">Koncert v Brn\u011b 2.5.2023<\/span><\/a><\/p>\n","protected":false},"author":1,"featured_media":0,"comment_status":"open","ping_status":"open","sticky":false,"template":"","format":"standard","meta":{"footnotes":""},"categories":[1],"tags":[],"class_list":["post-115","post","type-post","status-publish","format-standard","hentry","category-uncategorized"],"_links":{"self":[{"href":"https:\/\/www.tanapernetova.com\/index.php?rest_route=\/wp\/v2\/posts\/115","targetHints":{"allow":["GET"]}}],"collection":[{"href":"https:\/\/www.tanapernetova.com\/index.php?rest_route=\/wp\/v2\/posts"}],"about":[{"href":"https:\/\/www.tanapernetova.com\/index.php?rest_route=\/wp\/v2\/types\/post"}],"author":[{"embeddable":true,"href":"https:\/\/www.tanapernetova.com\/index.php?rest_route=\/wp\/v2\/users\/1"}],"replies":[{"embeddable":true,"href":"https:\/\/www.tanapernetova.com\/index.php?rest_route=%2Fwp%2Fv2%2Fcomments&post=115"}],"version-history":[{"count":7,"href":"https:\/\/www.tanapernetova.com\/index.php?rest_route=\/wp\/v2\/posts\/115\/revisions"}],"predecessor-version":[{"id":123,"href":"https:\/\/www.tanapernetova.com\/index.php?rest_route=\/wp\/v2\/posts\/115\/revisions\/123"}],"wp:attachment":[{"href":"https:\/\/www.tanapernetova.com\/index.php?rest_route=%2Fwp%2Fv2%2Fmedia&parent=115"}],"wp:term":[{"taxonomy":"category","embeddable":true,"href":"https:\/\/www.tanapernetova.com\/index.php?rest_route=%2Fwp%2Fv2%2Fcategories&post=115"},{"taxonomy":"post_tag","embeddable":true,"href":"https:\/\/www.tanapernetova.com\/index.php?rest_route=%2Fwp%2Fv2%2Ftags&post=115"}],"curies":[{"name":"wp","href":"https:\/\/api.w.org\/{rel}","templated":true}]}}