{"id":169,"date":"2023-09-29T11:02:05","date_gmt":"2023-09-29T11:02:05","guid":{"rendered":"https:\/\/www.tanapernetova.com\/?p=169"},"modified":"2023-09-29T11:06:30","modified_gmt":"2023-09-29T11:06:30","slug":"varhanni-koncert-v-klastere-osek","status":"publish","type":"post","link":"https:\/\/www.tanapernetova.com\/?p=169","title":{"rendered":"Varhann\u00ed koncert v kl\u00e1\u0161te\u0159e Osek"},"content":{"rendered":"\t\t<div data-elementor-type=\"wp-post\" data-elementor-id=\"169\" class=\"elementor elementor-169\">\n\t\t\t\t\t\t<section class=\"elementor-section elementor-top-section elementor-element elementor-element-a7b6bd2 elementor-section-boxed elementor-section-height-default elementor-section-height-default\" data-id=\"a7b6bd2\" data-element_type=\"section\" data-e-type=\"section\">\n\t\t\t\t\t\t<div class=\"elementor-container elementor-column-gap-default\">\n\t\t\t\t\t<div class=\"elementor-column elementor-col-100 elementor-top-column elementor-element elementor-element-c611f21\" data-id=\"c611f21\" data-element_type=\"column\" data-e-type=\"column\">\n\t\t\t<div class=\"elementor-widget-wrap elementor-element-populated\">\n\t\t\t\t\t\t<div class=\"elementor-element elementor-element-47dbd04 elementor-widget elementor-widget-text-editor\" data-id=\"47dbd04\" data-element_type=\"widget\" data-e-type=\"widget\" data-widget_type=\"text-editor.default\">\n\t\t\t\t<div class=\"elementor-widget-container\">\n\t\t\t\t\t\t\t\t\t<p>V\u00e1\u017een\u00ed a mil\u00ed! Koncertn\u00ed sez\u00f3na pokra\u010duje a srde\u010dn\u011b V\u00e1s zveme na varhann\u00ed koncert v n\u00e1dhern\u00fdch prostorech kl\u00e1\u0161tera Osek! Koncert se uskute\u010dn\u00ed v \u00fater\u00fd 3. \u0159\u00edjna v 18h, l\u00edstky a podrobn\u011bj\u0161\u00ed informace najdete v infocentru Osek. T\u011b\u0161\u00edme se na V\u00e1s!<\/p>\t\t\t\t\t\t\t\t<\/div>\n\t\t\t\t<\/div>\n\t\t\t\t\t<\/div>\n\t\t<\/div>\n\t\t\t\t\t<\/div>\n\t\t<\/section>\n\t\t\t\t<section class=\"elementor-section elementor-top-section elementor-element elementor-element-59f06f1 elementor-section-boxed elementor-section-height-default elementor-section-height-default\" data-id=\"59f06f1\" data-element_type=\"section\" data-e-type=\"section\">\n\t\t\t\t\t\t<div class=\"elementor-container elementor-column-gap-default\">\n\t\t\t\t\t<div class=\"elementor-column elementor-col-100 elementor-top-column elementor-element elementor-element-8fcec28\" data-id=\"8fcec28\" data-element_type=\"column\" data-e-type=\"column\">\n\t\t\t<div class=\"elementor-widget-wrap elementor-element-populated\">\n\t\t\t\t\t\t<div class=\"elementor-element elementor-element-183626e elementor-widget elementor-widget-image\" data-id=\"183626e\" data-element_type=\"widget\" data-e-type=\"widget\" data-widget_type=\"image.default\">\n\t\t\t\t<div class=\"elementor-widget-container\">\n\t\t\t\t\t\t\t\t\t\t\t\t\t\t\t<img fetchpriority=\"high\" decoding=\"async\" width=\"724\" height=\"1024\" src=\"https:\/\/www.tanapernetova.com\/wp-content\/uploads\/2023\/09\/IMG_1379-724x1024.jpg\" class=\"attachment-large size-large wp-image-174\" alt=\"\" srcset=\"https:\/\/www.tanapernetova.com\/wp-content\/uploads\/2023\/09\/IMG_1379-724x1024.jpg 724w, https:\/\/www.tanapernetova.com\/wp-content\/uploads\/2023\/09\/IMG_1379-212x300.jpg 212w, https:\/\/www.tanapernetova.com\/wp-content\/uploads\/2023\/09\/IMG_1379-768x1086.jpg 768w, https:\/\/www.tanapernetova.com\/wp-content\/uploads\/2023\/09\/IMG_1379-1086x1536.jpg 1086w, https:\/\/www.tanapernetova.com\/wp-content\/uploads\/2023\/09\/IMG_1379-1448x2048.jpg 1448w, https:\/\/www.tanapernetova.com\/wp-content\/uploads\/2023\/09\/IMG_1379.jpg 1587w\" sizes=\"(max-width: 724px) 100vw, 724px\" \/>\t\t\t\t\t\t\t\t\t\t\t\t\t\t\t<\/div>\n\t\t\t\t<\/div>\n\t\t\t\t\t<\/div>\n\t\t<\/div>\n\t\t\t\t\t<\/div>\n\t\t<\/section>\n\t\t\t\t<\/div>\n\t\t","protected":false},"excerpt":{"rendered":"<p>V\u00e1\u017een\u00ed a mil\u00ed! Koncertn\u00ed sez\u00f3na pokra\u010duje a srde\u010dn\u011b V\u00e1s zveme na varhann\u00ed koncert v n\u00e1dhern\u00fdch prostorech kl\u00e1\u0161tera Osek! Koncert se uskute\u010dn\u00ed v \u00fater\u00fd 3. \u0159\u00edjna v 18h, l\u00edstky a podrobn\u011bj\u0161\u00ed<\/p>\n<p class=\"more-link\"><a class=\"button\" href=\"https:\/\/www.tanapernetova.com\/?p=169\" class=\"readmore\">Continue reading<span class=\"screen-reader-text\">Varhann\u00ed koncert v kl\u00e1\u0161te\u0159e Osek<\/span><\/a><\/p>\n","protected":false},"author":1,"featured_media":0,"comment_status":"open","ping_status":"open","sticky":false,"template":"","format":"standard","meta":{"footnotes":""},"categories":[1],"tags":[],"class_list":["post-169","post","type-post","status-publish","format-standard","hentry","category-uncategorized"],"_links":{"self":[{"href":"https:\/\/www.tanapernetova.com\/index.php?rest_route=\/wp\/v2\/posts\/169","targetHints":{"allow":["GET"]}}],"collection":[{"href":"https:\/\/www.tanapernetova.com\/index.php?rest_route=\/wp\/v2\/posts"}],"about":[{"href":"https:\/\/www.tanapernetova.com\/index.php?rest_route=\/wp\/v2\/types\/post"}],"author":[{"embeddable":true,"href":"https:\/\/www.tanapernetova.com\/index.php?rest_route=\/wp\/v2\/users\/1"}],"replies":[{"embeddable":true,"href":"https:\/\/www.tanapernetova.com\/index.php?rest_route=%2Fwp%2Fv2%2Fcomments&post=169"}],"version-history":[{"count":7,"href":"https:\/\/www.tanapernetova.com\/index.php?rest_route=\/wp\/v2\/posts\/169\/revisions"}],"predecessor-version":[{"id":178,"href":"https:\/\/www.tanapernetova.com\/index.php?rest_route=\/wp\/v2\/posts\/169\/revisions\/178"}],"wp:attachment":[{"href":"https:\/\/www.tanapernetova.com\/index.php?rest_route=%2Fwp%2Fv2%2Fmedia&parent=169"}],"wp:term":[{"taxonomy":"category","embeddable":true,"href":"https:\/\/www.tanapernetova.com\/index.php?rest_route=%2Fwp%2Fv2%2Fcategories&post=169"},{"taxonomy":"post_tag","embeddable":true,"href":"https:\/\/www.tanapernetova.com\/index.php?rest_route=%2Fwp%2Fv2%2Ftags&post=169"}],"curies":[{"name":"wp","href":"https:\/\/api.w.org\/{rel}","templated":true}]}}