{"id":186,"date":"2024-03-10T14:27:08","date_gmt":"2024-03-10T14:27:08","guid":{"rendered":"https:\/\/www.tanapernetova.com\/?p=186"},"modified":"2024-03-10T14:31:32","modified_gmt":"2024-03-10T14:31:32","slug":"absolventsky-koncert","status":"publish","type":"post","link":"https:\/\/www.tanapernetova.com\/?p=186","title":{"rendered":"Absolventsk\u00fd koncert"},"content":{"rendered":"\t\t<div data-elementor-type=\"wp-post\" data-elementor-id=\"186\" class=\"elementor elementor-186\">\n\t\t\t\t\t\t<section class=\"elementor-section elementor-top-section elementor-element elementor-element-64d3d07 elementor-section-boxed elementor-section-height-default elementor-section-height-default\" data-id=\"64d3d07\" data-element_type=\"section\" data-e-type=\"section\">\n\t\t\t\t\t\t<div class=\"elementor-container elementor-column-gap-default\">\n\t\t\t\t\t<div class=\"elementor-column elementor-col-100 elementor-top-column elementor-element elementor-element-fb47557\" data-id=\"fb47557\" data-element_type=\"column\" data-e-type=\"column\">\n\t\t\t<div class=\"elementor-widget-wrap elementor-element-populated\">\n\t\t\t\t\t\t<div class=\"elementor-element elementor-element-60b3fdf elementor-widget elementor-widget-text-editor\" data-id=\"60b3fdf\" data-element_type=\"widget\" data-e-type=\"widget\" data-widget_type=\"text-editor.default\">\n\t\t\t\t<div class=\"elementor-widget-container\">\n\t\t\t\t\t\t\t\t\t<p>V\u00e1\u017een\u00ed a mil\u00ed,<br \/><br \/>s velk\u00fdm pot\u011b\u0161en\u00edm V\u00e1s zvu na sv\u016fj absolventsk\u00fd koncert, kter\u00fd je v\u011bnov\u00e1n varhann\u00ed tvorb\u011b francouzsk\u00fdch skladatelek 19.-21. stolet\u00ed. <br \/><br \/>Koncert se uskute\u010dn\u00ed v katedr\u00e1le sv. Petra a Pavla v Brn\u011b, 17. dubna v 19.00. Na koncert\u011b V\u00e1s \u010dek\u00e1 p\u0159ekvapen\u00ed a pokoncertn\u00ed raut \ud83d\ude09<\/p>\t\t\t\t\t\t\t\t<\/div>\n\t\t\t\t<\/div>\n\t\t\t\t\t<\/div>\n\t\t<\/div>\n\t\t\t\t\t<\/div>\n\t\t<\/section>\n\t\t\t\t<section class=\"elementor-section elementor-top-section elementor-element elementor-element-9246f04 elementor-section-boxed elementor-section-height-default elementor-section-height-default\" data-id=\"9246f04\" data-element_type=\"section\" data-e-type=\"section\">\n\t\t\t\t\t\t<div class=\"elementor-container elementor-column-gap-default\">\n\t\t\t\t\t<div class=\"elementor-column elementor-col-100 elementor-top-column elementor-element elementor-element-816a558\" data-id=\"816a558\" data-element_type=\"column\" data-e-type=\"column\">\n\t\t\t<div class=\"elementor-widget-wrap elementor-element-populated\">\n\t\t\t\t\t\t<div class=\"elementor-element elementor-element-e65e01b elementor-widget elementor-widget-image\" data-id=\"e65e01b\" data-element_type=\"widget\" data-e-type=\"widget\" data-widget_type=\"image.default\">\n\t\t\t\t<div class=\"elementor-widget-container\">\n\t\t\t\t\t\t\t\t\t\t\t\t\t\t\t<img fetchpriority=\"high\" decoding=\"async\" width=\"731\" height=\"1024\" src=\"https:\/\/www.tanapernetova.com\/wp-content\/uploads\/2024\/03\/Poster-JPG-731x1024.jpg\" class=\"attachment-large size-large wp-image-191\" alt=\"\" srcset=\"https:\/\/www.tanapernetova.com\/wp-content\/uploads\/2024\/03\/Poster-JPG-731x1024.jpg 731w, https:\/\/www.tanapernetova.com\/wp-content\/uploads\/2024\/03\/Poster-JPG-214x300.jpg 214w, https:\/\/www.tanapernetova.com\/wp-content\/uploads\/2024\/03\/Poster-JPG-768x1075.jpg 768w, https:\/\/www.tanapernetova.com\/wp-content\/uploads\/2024\/03\/Poster-JPG-1097x1536.jpg 1097w, https:\/\/www.tanapernetova.com\/wp-content\/uploads\/2024\/03\/Poster-JPG-1463x2048.jpg 1463w, https:\/\/www.tanapernetova.com\/wp-content\/uploads\/2024\/03\/Poster-JPG-scaled.jpg 1829w\" sizes=\"(max-width: 731px) 100vw, 731px\" \/>\t\t\t\t\t\t\t\t\t\t\t\t\t\t\t<\/div>\n\t\t\t\t<\/div>\n\t\t\t\t\t<\/div>\n\t\t<\/div>\n\t\t\t\t\t<\/div>\n\t\t<\/section>\n\t\t\t\t<\/div>\n\t\t","protected":false},"excerpt":{"rendered":"<p>V\u00e1\u017een\u00ed a mil\u00ed, s velk\u00fdm pot\u011b\u0161en\u00edm V\u00e1s zvu na sv\u016fj absolventsk\u00fd koncert, kter\u00fd je v\u011bnov\u00e1n varhann\u00ed tvorb\u011b francouzsk\u00fdch skladatelek 19.-21. stolet\u00ed. Koncert se uskute\u010dn\u00ed v katedr\u00e1le sv. Petra a Pavla<\/p>\n<p class=\"more-link\"><a class=\"button\" href=\"https:\/\/www.tanapernetova.com\/?p=186\" class=\"readmore\">Continue reading<span class=\"screen-reader-text\">Absolventsk\u00fd koncert<\/span><\/a><\/p>\n","protected":false},"author":1,"featured_media":0,"comment_status":"open","ping_status":"open","sticky":false,"template":"","format":"standard","meta":{"footnotes":""},"categories":[1],"tags":[],"class_list":["post-186","post","type-post","status-publish","format-standard","hentry","category-uncategorized"],"_links":{"self":[{"href":"https:\/\/www.tanapernetova.com\/index.php?rest_route=\/wp\/v2\/posts\/186","targetHints":{"allow":["GET"]}}],"collection":[{"href":"https:\/\/www.tanapernetova.com\/index.php?rest_route=\/wp\/v2\/posts"}],"about":[{"href":"https:\/\/www.tanapernetova.com\/index.php?rest_route=\/wp\/v2\/types\/post"}],"author":[{"embeddable":true,"href":"https:\/\/www.tanapernetova.com\/index.php?rest_route=\/wp\/v2\/users\/1"}],"replies":[{"embeddable":true,"href":"https:\/\/www.tanapernetova.com\/index.php?rest_route=%2Fwp%2Fv2%2Fcomments&post=186"}],"version-history":[{"count":7,"href":"https:\/\/www.tanapernetova.com\/index.php?rest_route=\/wp\/v2\/posts\/186\/revisions"}],"predecessor-version":[{"id":194,"href":"https:\/\/www.tanapernetova.com\/index.php?rest_route=\/wp\/v2\/posts\/186\/revisions\/194"}],"wp:attachment":[{"href":"https:\/\/www.tanapernetova.com\/index.php?rest_route=%2Fwp%2Fv2%2Fmedia&parent=186"}],"wp:term":[{"taxonomy":"category","embeddable":true,"href":"https:\/\/www.tanapernetova.com\/index.php?rest_route=%2Fwp%2Fv2%2Fcategories&post=186"},{"taxonomy":"post_tag","embeddable":true,"href":"https:\/\/www.tanapernetova.com\/index.php?rest_route=%2Fwp%2Fv2%2Ftags&post=186"}],"curies":[{"name":"wp","href":"https:\/\/api.w.org\/{rel}","templated":true}]}}